{"id":30301,"date":"2024-03-24T20:05:10","date_gmt":"2024-03-25T03:05:10","guid":{"rendered":"https:\/\/equipandgrow.org\/es\/?p=30301"},"modified":"2025-05-14T05:05:21","modified_gmt":"2025-05-14T12:05:21","slug":"cumbre-en-ingles-es-cima","status":"publish","type":"post","link":"https:\/\/equipandgrow.org\/es\/blog\/2024\/03\/24\/cumbre-en-ingles-es-cima\/","title":{"rendered":"!!Cumbre en ingl\u00e9s es Cima!!"},"content":{"rendered":"<p style=\"text-align: left\"><span style=\"font-weight: 400\">Soy considerada en Equip &amp; Grow como una especie de superusuario: es decir, una persona que ha utilizado los servicios del ministerio desde hace mucho tiempo y conoce perfectamente a Los Ni\u00f1os Cuentan.<\/span><\/p>\n<h3 style=\"text-align: left\"><span style=\"font-weight: 400\">Una D\u00e9cada con Equip &amp; Grow: Desde Venezuela al Mundo<\/span><\/h3>\n<p style=\"text-align: left\"><span style=\"font-weight: 400\">\u00a1\u00a1Y siii, as\u00ed es!! <\/span><span style=\"font-weight: 400\">Desde el a\u00f1o 2010, hemos establecido una alianza estrat\u00e9gica con<\/span><a href=\"https:\/\/www.losninoscuentan.com\/\"> <span style=\"font-weight: 400\"><strong>Los Ni\u00f1os Cuentan<\/strong><\/span><\/a><span style=\"font-weight: 400\">, una organizaci\u00f3n dedicada a proporcionar<\/span><strong><a href=\"https:\/\/www.losninoscuentan.com\/\"> materiales gratuitos para el ministerio infantil<\/a><\/strong><span style=\"font-weight: 400\"> en Venezuela, y desde all\u00ed comenzamos a trabajar juntos, replicando cada a\u00f1o el Congreso anual que se realizaba en M\u00e9xico, imprimiendo y distribuyendo sus materiales y mucho m\u00e1s.<\/span><\/p>\n<h3 style=\"text-align: left\"><span style=\"font-weight: 400\">Eventos Virtuales Cristianos: La Nueva Cumbre 2024<\/span><\/h3>\n<p style=\"text-align: left\"><span style=\"font-weight: 400\">Lleg\u00f3 la pandemia y con ella un necesario stop. Pero ahora, arrancamos de nuevo y en 2024 tuvimos nuevamente nuestro gran evento anual. Este evento, una <\/span><i><span style=\"font-weight: 400\">Cumbre Ministerio Infantil<\/span><\/i><span style=\"font-weight: 400\">, signific\u00f3 demasiado para m\u00ed porque tuve la <\/span><span style=\"font-weight: 400\">oportunidad de participar en la creaci\u00f3n del<\/span><strong><a href=\"https:\/\/www.losninoscuentan.com\/ebv.php\"> manual<\/a><\/strong><span style=\"font-weight: 400\"> y en la selecci\u00f3n de conferencistas para nuestro evento conjunto<\/span><\/p>\n<p style=\"text-align: left\"><span style=\"font-weight: 400\">En 2024, por primera vez, pude participar en la creaci\u00f3n del manual, escoger los conferencistas y sus temas, y mucho m\u00e1s. \u00a1Nuevo nivel desbloqueado para m\u00ed! (jajajaja)<\/span><\/p>\n<h3 style=\"text-align: left\"><span style=\"font-weight: 400\">Capacitaci\u00f3n Ministerio Infantil para Cientos de Latinos<\/span><\/h3>\n<p style=\"text-align: left\"><span style=\"font-weight: 400\">Este a\u00f1o cambiamos de nombre. Ahora, ya no se llamar\u00e1 m\u00e1s Congreso sino Cumbre o Summit en ingl\u00e9s. Y cuando tom\u00e1bamos esta decisi\u00f3n, pensaba en el significado de cima o punta de la monta\u00f1a. Como cuando los escaladores profesionales llegan al final del recorrido y dicen \u201chice cumbre\u201d o \u201ccoron\u00e9 la cima.\u201d Dios me ministraba tantas cosas antes del evento\u2026pero ver todo lo que pas\u00f3 despu\u00e9s fue fenomenal.<\/span><\/p>\n<p style=\"text-align: left\"><span style=\"font-weight: 400\">Cientos de participantes de toda Latinoam\u00e9rica asistieron a nuestro evento virtual. Este es uno de los principales <\/span><i><span style=\"font-weight: 400\">eventos virtuales cristianos<\/span><\/i><span style=\"font-weight: 400\"> organizados por Equip &amp; Grow, que desafi\u00f3 a los asistentes a usar tres aplicaciones distintas para recibir todo el contenido: WhatsApp, Telegram y Facebook. Este enfoque imprimi\u00f3 un gran dinamismo y mantuvo la energ\u00eda de los participantes en alto..<\/span><\/p>\n<h3 style=\"text-align: left\"><span style=\"font-weight: 400\">\u00a1Listos para la Pr\u00f3xima Cumbre con Los Ni\u00f1os Cuentan!<\/span><\/h3>\n<p style=\"text-align: left\"><span style=\"font-weight: 400\">Lo mejor de todo fueron los testimonios de los participantes: cu\u00e1n agradecidos estaban, cu\u00e1nta motivaci\u00f3n, inspiraci\u00f3n y \u00e1nimo recibieron, y cu\u00e1nta ministraci\u00f3n en el cierre. Sin duda, esta experiencia representa el esp\u00edritu de una <\/span><i><span style=\"font-weight: 400\">Capacitaci\u00f3n Ministerio Infantil<\/span><\/i><span style=\"font-weight: 400\"> como ninguna otra. Dios no se hizo esperar y todo lo que le pedimos, \u00c9l lo hizo y m\u00e1s\u2026 mucho m\u00e1s, como siempre.<\/span><\/p>\n<p style=\"text-align: left\"><span style=\"font-weight: 400\">Estamos felices! Sin lugar a dudas, hicimos Cumbre, llegamos a la cima. Y como buenos escaladores\u2026 ya nos estamos preparando para el pr\u00f3ximo evento anual.<\/span><\/p>\n<p style=\"text-align: left\"><span style=\"font-weight: 400\">\u00a1Vamos por m\u00e1s! Porque Los Ni\u00f1os Cuentan!!<\/span><\/p>\n<p style=\"text-align: left\"><span style=\"font-weight: 400\">Descubre m\u00e1s recursos gratuitos para el<\/span><strong><a href=\"https:\/\/www.losninoscuentan.com\/\"> ministerio infantil<\/a><\/strong><span style=\"font-weight: 400\"> y fortalece tu labor educativa<\/span><\/p>\n<p style=\"text-align: left\"><span style=\"font-weight: 400\">Pastora Francys de Vegas.<\/span><\/p>\n<p><img decoding=\"async\" class=\"alignnone size-medium wp-image-30298 aligncenter\" src=\"https:\/\/equipandgrow.org\/es\/wp-content\/uploads\/sites\/5\/2024\/03\/photo_4902445791470267540_y-300x300.jpg\" alt=\"\" width=\"300\" height=\"300\" srcset=\"https:\/\/equipandgrow.org\/es\/wp-content\/uploads\/sites\/5\/2024\/03\/photo_4902445791470267540_y-300x300.jpg 300w, https:\/\/equipandgrow.org\/es\/wp-content\/uploads\/sites\/5\/2024\/03\/photo_4902445791470267540_y-1024x1024.jpg 1024w, https:\/\/equipandgrow.org\/es\/wp-content\/uploads\/sites\/5\/2024\/03\/photo_4902445791470267540_y-150x150.jpg 150w, https:\/\/equipandgrow.org\/es\/wp-content\/uploads\/sites\/5\/2024\/03\/photo_4902445791470267540_y-768x768.jpg 768w, https:\/\/equipandgrow.org\/es\/wp-content\/uploads\/sites\/5\/2024\/03\/photo_4902445791470267540_y.jpg 1080w\" sizes=\"(max-width: 300px) 100vw, 300px\" \/><\/p>\n","protected":false},"excerpt":{"rendered":"<p>Soy considerada en Equip &amp; Grow como una especie de superusuario: es decir, una persona que ha utilizado los servicios del ministerio desde hace mucho tiempo y conoce perfectamente a Los Ni\u00f1os Cuentan. Una D\u00e9cada con Equip &amp; Grow: Desde Venezuela al Mundo \u00a1\u00a1Y siii, as\u00ed es!! Desde el a\u00f1o 2010, hemos establecido una alianza [&hellip;]<\/p>\n","protected":false},"author":188,"featured_media":0,"comment_status":"open","ping_status":"open","sticky":false,"template":"","format":"standard","meta":{"_seopress_robots_primary_cat":"none","footnotes":""},"categories":[253,250,254],"tags":[],"class_list":["post-30301","post","type-post","status-publish","format-standard","hentry","category-stories","category-leader-tips","category-teacher-tips"],"acf":[],"_links":{"self":[{"href":"https:\/\/equipandgrow.org\/es\/wp-json\/wp\/v2\/posts\/30301","targetHints":{"allow":["GET"]}}],"collection":[{"href":"https:\/\/equipandgrow.org\/es\/wp-json\/wp\/v2\/posts"}],"about":[{"href":"https:\/\/equipandgrow.org\/es\/wp-json\/wp\/v2\/types\/post"}],"author":[{"embeddable":true,"href":"https:\/\/equipandgrow.org\/es\/wp-json\/wp\/v2\/users\/188"}],"replies":[{"embeddable":true,"href":"https:\/\/equipandgrow.org\/es\/wp-json\/wp\/v2\/comments?post=30301"}],"version-history":[{"count":2,"href":"https:\/\/equipandgrow.org\/es\/wp-json\/wp\/v2\/posts\/30301\/revisions"}],"predecessor-version":[{"id":30908,"href":"https:\/\/equipandgrow.org\/es\/wp-json\/wp\/v2\/posts\/30301\/revisions\/30908"}],"wp:attachment":[{"href":"https:\/\/equipandgrow.org\/es\/wp-json\/wp\/v2\/media?parent=30301"}],"wp:term":[{"taxonomy":"category","embeddable":true,"href":"https:\/\/equipandgrow.org\/es\/wp-json\/wp\/v2\/categories?post=30301"},{"taxonomy":"post_tag","embeddable":true,"href":"https:\/\/equipandgrow.org\/es\/wp-json\/wp\/v2\/tags?post=30301"}],"curies":[{"name":"wp","href":"https:\/\/api.w.org\/{rel}","templated":true}]}}